{"id":2465,"date":"2025-05-12T10:37:21","date_gmt":"2025-05-12T08:37:21","guid":{"rendered":"https:\/\/salonexporegalo.com\/noticia\/nostalgia-amb-estil-les-tendencies-retro-que-marquen-la-decoracio-aquest-2025\/"},"modified":"2025-05-13T10:29:59","modified_gmt":"2025-05-13T08:29:59","slug":"nostalgia-amb-estil-les-tendencies-retro-que-marquen-la-decoracio-aquest-2025","status":"publish","type":"noticia","link":"https:\/\/salonexporegalo.com\/ca\/noticia\/nostalgia-amb-estil-les-tendencies-retro-que-marquen-la-decoracio-aquest-2025\/","title":{"rendered":"Nost\u00e0lgia amb estil: Les tend\u00e8ncies retro que marquen la decoraci\u00f3 aquest 2025"},"template":"","class_list":["post-2465","noticia","type-noticia","status-publish","hentry"],"acf":[],"_links":{"self":[{"href":"https:\/\/salonexporegalo.com\/ca\/wp-json\/wp\/v2\/noticia\/2465","targetHints":{"allow":["GET"]}}],"collection":[{"href":"https:\/\/salonexporegalo.com\/ca\/wp-json\/wp\/v2\/noticia"}],"about":[{"href":"https:\/\/salonexporegalo.com\/ca\/wp-json\/wp\/v2\/types\/noticia"}],"wp:attachment":[{"href":"https:\/\/salonexporegalo.com\/ca\/wp-json\/wp\/v2\/media?parent=2465"}],"curies":[{"name":"wp","href":"https:\/\/api.w.org\/{rel}","templated":true}]}}